{"provider_url": "https://www.clarodospocoes.mg.leg.br", "title": "\u00daltimas Not\u00edcias", "html": "", "author_name": "", "version": "1.0", "author_url": "https://www.clarodospocoes.mg.leg.br/author/Interlegis", "provider_name": "C\u00e2mara Municipal de Claro dos Po\u00e7\u00f5es", "type": "rich"}