{"provider_url": "https://www.clarodospocoes.mg.leg.br", "title": "SEGURAN\u00c7A P\u00daBLICA", "html": "<p style=\"text-align: justify; \">\u00a0 \u00a0 \u00a0 \u00a0 \u00a0 \u00a0 \u00a0 \u00a0 \u00a0 \u00a0 \u00a0 \u00a0 \u00a0PARLAMENTARES, DA C\u00c2MARA MUNICIPAL DE CLARO DOS PO\u00c7\u00d5ES, SE RE\u00daNEM PARA DISCUTIR AS DEMANDAS DA SEGURAN\u00c7A P\u00daBLICA, NO MUNIC\u00cdPIO DE CLARO DOS PO\u00c7\u00d5ES, NESTA SEGUNDA -FEIRA 15 DE MAIO DE 2017.</p>\r\n<p style=\"text-align: justify; \">\u00a0 \u00a0 \u00a0 \u00a0 \u00a0 \u00a0 \u00a0 \u00a0 \u00a0 \u00a0 \u00a0 \u00a0 \u00a0ESTIVERAM PRESENTES: O CORONEL DO 10\u00ba BATALH\u00c3O DA POL\u00cdCIA MILITAR, CEL. CHINELLATO, TENENTE F\u00c1BIO, SECRET\u00c1RIO DE AGRICULTURA AD\u00c3O TABOCA, VEREADORES: DIMAS DE SOUZA PERES, JOS\u00c9 JAILTON COSTA, E O PRESIDENTE DA C\u00c2MARA PEDRO PAULO VIEIRA.</p>", "author_name": "", "version": "1.0", "author_url": "https://www.clarodospocoes.mg.leg.br/author/coe", "provider_name": "C\u00e2mara Municipal de Claro dos Po\u00e7\u00f5es", "type": "rich"}